{"id":621,"date":"2016-02-01T18:41:51","date_gmt":"2016-02-01T18:41:51","guid":{"rendered":"http:\/\/mornestedt.se\/?p=621"},"modified":"2016-02-01T19:05:12","modified_gmt":"2016-02-01T19:05:12","slug":"mer-tulpaner","status":"publish","type":"post","link":"https:\/\/mornestedt.se\/?p=621","title":{"rendered":"Mer tulpaner"},"content":{"rendered":"<p><a href=\"http:\/\/mornestedt.se\/wp-content\/uploads\/2016\/02\/DSC_0178b.jpg\" rel=\"attachment wp-att-622\"><img loading=\"lazy\" decoding=\"async\" class=\"alignnone size-large wp-image-622\" src=\"http:\/\/mornestedt.se\/wp-content\/uploads\/2016\/02\/DSC_0178b-1024x683.jpg\" alt=\"DSC_0178b\" width=\"654\" height=\"436\" srcset=\"https:\/\/mornestedt.se\/wp-content\/uploads\/2016\/02\/DSC_0178b-1024x683.jpg 1024w, https:\/\/mornestedt.se\/wp-content\/uploads\/2016\/02\/DSC_0178b-300x200.jpg 300w, https:\/\/mornestedt.se\/wp-content\/uploads\/2016\/02\/DSC_0178b-768x512.jpg 768w, https:\/\/mornestedt.se\/wp-content\/uploads\/2016\/02\/DSC_0178b-2x1.jpg 2w\" sizes=\"(max-width: 654px) 100vw, 654px\" \/><\/a><\/p>\n<p><a href=\"http:\/\/mornestedt.se\/wp-content\/uploads\/2016\/02\/DSC_0185b-copy.jpg\" rel=\"attachment wp-att-623\"><img loading=\"lazy\" decoding=\"async\" class=\"alignnone size-large wp-image-623\" src=\"http:\/\/mornestedt.se\/wp-content\/uploads\/2016\/02\/DSC_0185b-copy-683x1024.jpg\" alt=\"DSC_0185b copy\" width=\"654\" height=\"981\" srcset=\"https:\/\/mornestedt.se\/wp-content\/uploads\/2016\/02\/DSC_0185b-copy-683x1024.jpg 683w, https:\/\/mornestedt.se\/wp-content\/uploads\/2016\/02\/DSC_0185b-copy-200x300.jpg 200w, https:\/\/mornestedt.se\/wp-content\/uploads\/2016\/02\/DSC_0185b-copy-768x1152.jpg 768w, https:\/\/mornestedt.se\/wp-content\/uploads\/2016\/02\/DSC_0185b-copy-1x1.jpg 1w\" sizes=\"(max-width: 654px) 100vw, 654px\" \/><\/a><\/p>\n<p>H\u00e4r kommer fler bilder p\u00e5 tulpaner, s\u00e5 h\u00e4r \u00e5rs kan man knappt f\u00e5 nog av dem! Den h\u00e4r fina buketten hade min mormor med sig i l\u00f6rdags n\u00e4r vi firade mannens f\u00f6delsedag. Blommor \u00e4r v\u00e4ldigt roligt att fota och blir oftast bra p\u00e5 bild tycker jag. H\u00e4r anv\u00e4nde jag ett tyg, en gammal gardin som kom till anv\u00e4ndning som bakgrund och det blev ett bra sidoljus fr\u00e5n mitt vardagsrumsf\u00f6nster. Jag passar n\u00e4sta alltid p\u00e5 att fota p\u00e5 dagarna i det naturliga ljuset, det d\u00e4r med att anv\u00e4nda blixt \u00e4r inte riktigt min grej.<\/p>\n","protected":false},"excerpt":{"rendered":"<p>H\u00e4r kommer fler bilder p\u00e5 tulpaner, s\u00e5 h\u00e4r \u00e5rs kan man knappt f\u00e5 nog av dem! Den h\u00e4r fina buketten hade min mormor med sig i l\u00f6rdags n\u00e4r vi firade mannens f\u00f6delsedag. Blommor \u00e4r v\u00e4ldigt roligt att fota och blir oftast bra p\u00e5 bild tycker jag. H\u00e4r anv\u00e4nde jag ett tyg, en gammal gardin som&#8230;<\/p>\n","protected":false},"author":1,"featured_media":0,"comment_status":"open","ping_status":"open","sticky":false,"template":"","format":"standard","meta":{"footnotes":""},"categories":[6],"tags":[55,78],"_links":{"self":[{"href":"https:\/\/mornestedt.se\/index.php?rest_route=\/wp\/v2\/posts\/621"}],"collection":[{"href":"https:\/\/mornestedt.se\/index.php?rest_route=\/wp\/v2\/posts"}],"about":[{"href":"https:\/\/mornestedt.se\/index.php?rest_route=\/wp\/v2\/types\/post"}],"author":[{"embeddable":true,"href":"https:\/\/mornestedt.se\/index.php?rest_route=\/wp\/v2\/users\/1"}],"replies":[{"embeddable":true,"href":"https:\/\/mornestedt.se\/index.php?rest_route=%2Fwp%2Fv2%2Fcomments&post=621"}],"version-history":[{"count":5,"href":"https:\/\/mornestedt.se\/index.php?rest_route=\/wp\/v2\/posts\/621\/revisions"}],"predecessor-version":[{"id":628,"href":"https:\/\/mornestedt.se\/index.php?rest_route=\/wp\/v2\/posts\/621\/revisions\/628"}],"wp:attachment":[{"href":"https:\/\/mornestedt.se\/index.php?rest_route=%2Fwp%2Fv2%2Fmedia&parent=621"}],"wp:term":[{"taxonomy":"category","embeddable":true,"href":"https:\/\/mornestedt.se\/index.php?rest_route=%2Fwp%2Fv2%2Fcategories&post=621"},{"taxonomy":"post_tag","embeddable":true,"href":"https:\/\/mornestedt.se\/index.php?rest_route=%2Fwp%2Fv2%2Ftags&post=621"}],"curies":[{"name":"wp","href":"https:\/\/api.w.org\/{rel}","templated":true}]}}