{"id":592,"date":"2016-01-17T20:42:49","date_gmt":"2016-01-17T20:42:49","guid":{"rendered":"http:\/\/mornestedt.se\/?p=592"},"modified":"2016-01-17T20:42:49","modified_gmt":"2016-01-17T20:42:49","slug":"tulpaner-och-smakakor","status":"publish","type":"post","link":"https:\/\/mornestedt.se\/?p=592","title":{"rendered":"Tulpaner och sm\u00e5kakor"},"content":{"rendered":"<p><a href=\"http:\/\/mornestedt.se\/wp-content\/uploads\/2016\/01\/DSC_0110b.jpg\" rel=\"attachment wp-att-593\"><img loading=\"lazy\" decoding=\"async\" class=\"alignnone size-large wp-image-593\" src=\"http:\/\/mornestedt.se\/wp-content\/uploads\/2016\/01\/DSC_0110b-1024x637.jpg\" alt=\"DSC_0110b\" width=\"654\" height=\"407\" srcset=\"https:\/\/mornestedt.se\/wp-content\/uploads\/2016\/01\/DSC_0110b-1024x637.jpg 1024w, https:\/\/mornestedt.se\/wp-content\/uploads\/2016\/01\/DSC_0110b-300x187.jpg 300w, https:\/\/mornestedt.se\/wp-content\/uploads\/2016\/01\/DSC_0110b-768x478.jpg 768w, https:\/\/mornestedt.se\/wp-content\/uploads\/2016\/01\/DSC_0110b-2x1.jpg 2w\" sizes=\"(max-width: 654px) 100vw, 654px\" \/><\/a><\/p>\n<p><a href=\"http:\/\/mornestedt.se\/wp-content\/uploads\/2016\/01\/DSC_0114b.jpg\" rel=\"attachment wp-att-594\"><img loading=\"lazy\" decoding=\"async\" class=\"alignnone size-large wp-image-594\" src=\"http:\/\/mornestedt.se\/wp-content\/uploads\/2016\/01\/DSC_0114b-683x1024.jpg\" alt=\"DSC_0114b\" width=\"654\" height=\"981\" srcset=\"https:\/\/mornestedt.se\/wp-content\/uploads\/2016\/01\/DSC_0114b-683x1024.jpg 683w, https:\/\/mornestedt.se\/wp-content\/uploads\/2016\/01\/DSC_0114b-200x300.jpg 200w, https:\/\/mornestedt.se\/wp-content\/uploads\/2016\/01\/DSC_0114b-768x1152.jpg 768w, https:\/\/mornestedt.se\/wp-content\/uploads\/2016\/01\/DSC_0114b-1x1.jpg 1w\" sizes=\"(max-width: 654px) 100vw, 654px\" \/><\/a><\/p>\n<p><a href=\"http:\/\/mornestedt.se\/wp-content\/uploads\/2016\/01\/DSC_0115b.jpg\" rel=\"attachment wp-att-595\"><img loading=\"lazy\" decoding=\"async\" class=\"alignnone size-large wp-image-595\" src=\"http:\/\/mornestedt.se\/wp-content\/uploads\/2016\/01\/DSC_0115b-683x1024.jpg\" alt=\"DSC_0115b\" width=\"654\" height=\"981\" srcset=\"https:\/\/mornestedt.se\/wp-content\/uploads\/2016\/01\/DSC_0115b-683x1024.jpg 683w, https:\/\/mornestedt.se\/wp-content\/uploads\/2016\/01\/DSC_0115b-200x300.jpg 200w, https:\/\/mornestedt.se\/wp-content\/uploads\/2016\/01\/DSC_0115b-768x1152.jpg 768w, https:\/\/mornestedt.se\/wp-content\/uploads\/2016\/01\/DSC_0115b-1x1.jpg 1w\" sizes=\"(max-width: 654px) 100vw, 654px\" \/><\/a><\/p>\n<p><a href=\"http:\/\/mornestedt.se\/wp-content\/uploads\/2016\/01\/DSC_0117b.jpg\" rel=\"attachment wp-att-596\"><img loading=\"lazy\" decoding=\"async\" class=\"alignnone size-large wp-image-596\" src=\"http:\/\/mornestedt.se\/wp-content\/uploads\/2016\/01\/DSC_0117b-683x1024.jpg\" alt=\"DSC_0117b\" width=\"654\" height=\"981\" srcset=\"https:\/\/mornestedt.se\/wp-content\/uploads\/2016\/01\/DSC_0117b-683x1024.jpg 683w, https:\/\/mornestedt.se\/wp-content\/uploads\/2016\/01\/DSC_0117b-200x300.jpg 200w, https:\/\/mornestedt.se\/wp-content\/uploads\/2016\/01\/DSC_0117b-768x1152.jpg 768w, https:\/\/mornestedt.se\/wp-content\/uploads\/2016\/01\/DSC_0117b-1x1.jpg 1w\" sizes=\"(max-width: 654px) 100vw, 654px\" \/><\/a><\/p>\n<p>N\u00e4r julpyntet har \u00e5kt ut s\u00e5 l\u00e4ngtar jag efter tulpaner, \u00e5rets f\u00f6rsta bukett inhandlades till helgen. Helgen blev lugn och sk\u00f6n och utan n\u00e5gra st\u00f6rre planer, jag har hunnit med att baka lite bland annat klassikern Brysselkex, sm\u00e5kakor \u00e4r verkligen en favorit till kaffet. Man beh\u00f6ver ju r\u00f6ra p\u00e5 sig lite med n\u00e4r man har satt i sig en massa kakor s\u00e5 i l\u00f6rdags blev det en runda till gymmet med mannen medan dottern var hos farmor och farfar. Idag blev det en promenad i solen, s\u00e5 h\u00e4rligt att f\u00e5 komma ut och tanka lite D-vitamin.<\/p>\n","protected":false},"excerpt":{"rendered":"<p>N\u00e4r julpyntet har \u00e5kt ut s\u00e5 l\u00e4ngtar jag efter tulpaner, \u00e5rets f\u00f6rsta bukett inhandlades till helgen. Helgen blev lugn och sk\u00f6n och utan n\u00e5gra st\u00f6rre planer, jag har hunnit med att baka lite bland annat klassikern Brysselkex, sm\u00e5kakor \u00e4r verkligen en favorit till kaffet. Man beh\u00f6ver ju r\u00f6ra p\u00e5 sig lite med n\u00e4r man har&#8230;<\/p>\n","protected":false},"author":1,"featured_media":0,"comment_status":"open","ping_status":"open","sticky":false,"template":"","format":"standard","meta":{"footnotes":""},"categories":[6,2],"tags":[79,78],"_links":{"self":[{"href":"https:\/\/mornestedt.se\/index.php?rest_route=\/wp\/v2\/posts\/592"}],"collection":[{"href":"https:\/\/mornestedt.se\/index.php?rest_route=\/wp\/v2\/posts"}],"about":[{"href":"https:\/\/mornestedt.se\/index.php?rest_route=\/wp\/v2\/types\/post"}],"author":[{"embeddable":true,"href":"https:\/\/mornestedt.se\/index.php?rest_route=\/wp\/v2\/users\/1"}],"replies":[{"embeddable":true,"href":"https:\/\/mornestedt.se\/index.php?rest_route=%2Fwp%2Fv2%2Fcomments&post=592"}],"version-history":[{"count":4,"href":"https:\/\/mornestedt.se\/index.php?rest_route=\/wp\/v2\/posts\/592\/revisions"}],"predecessor-version":[{"id":600,"href":"https:\/\/mornestedt.se\/index.php?rest_route=\/wp\/v2\/posts\/592\/revisions\/600"}],"wp:attachment":[{"href":"https:\/\/mornestedt.se\/index.php?rest_route=%2Fwp%2Fv2%2Fmedia&parent=592"}],"wp:term":[{"taxonomy":"category","embeddable":true,"href":"https:\/\/mornestedt.se\/index.php?rest_route=%2Fwp%2Fv2%2Fcategories&post=592"},{"taxonomy":"post_tag","embeddable":true,"href":"https:\/\/mornestedt.se\/index.php?rest_route=%2Fwp%2Fv2%2Ftags&post=592"}],"curies":[{"name":"wp","href":"https:\/\/api.w.org\/{rel}","templated":true}]}}