{"id":515,"date":"2015-10-28T20:28:51","date_gmt":"2015-10-28T20:28:51","guid":{"rendered":"http:\/\/mornestedt.se\/?p=515"},"modified":"2015-10-28T20:28:51","modified_gmt":"2015-10-28T20:28:51","slug":"oktoberkvall","status":"publish","type":"post","link":"https:\/\/mornestedt.se\/?p=515","title":{"rendered":"Oktoberkv\u00e4ll"},"content":{"rendered":"<p><a href=\"http:\/\/mornestedt.se\/wp-content\/uploads\/2015\/10\/DSC_0098-copy.jpg\"><img loading=\"lazy\" decoding=\"async\" class=\"alignnone size-large wp-image-516\" src=\"http:\/\/mornestedt.se\/wp-content\/uploads\/2015\/10\/DSC_0098-copy-1024x683.jpg\" alt=\"DSC_0098 copy\" width=\"654\" height=\"436\" srcset=\"https:\/\/mornestedt.se\/wp-content\/uploads\/2015\/10\/DSC_0098-copy-1024x683.jpg 1024w, https:\/\/mornestedt.se\/wp-content\/uploads\/2015\/10\/DSC_0098-copy-300x200.jpg 300w, https:\/\/mornestedt.se\/wp-content\/uploads\/2015\/10\/DSC_0098-copy-2x1.jpg 2w\" sizes=\"(max-width: 654px) 100vw, 654px\" \/><\/a><\/p>\n<p><a href=\"http:\/\/mornestedt.se\/wp-content\/uploads\/2015\/10\/DSC_0104-copy.jpg\"><img loading=\"lazy\" decoding=\"async\" class=\"alignnone size-large wp-image-517\" src=\"http:\/\/mornestedt.se\/wp-content\/uploads\/2015\/10\/DSC_0104-copy-683x1024.jpg\" alt=\"DSC_0104 copy\" width=\"654\" height=\"981\" srcset=\"https:\/\/mornestedt.se\/wp-content\/uploads\/2015\/10\/DSC_0104-copy-683x1024.jpg 683w, https:\/\/mornestedt.se\/wp-content\/uploads\/2015\/10\/DSC_0104-copy-200x300.jpg 200w, https:\/\/mornestedt.se\/wp-content\/uploads\/2015\/10\/DSC_0104-copy-1x1.jpg 1w\" sizes=\"(max-width: 654px) 100vw, 654px\" \/><\/a><\/p>\n<p>ig\u00e5r kv\u00e4ll n\u00e4r jag stod och skalade potatis s\u00e5g det ut s\u00e5 h\u00e4r utanf\u00f6r f\u00f6nstret och d\u00e5 kunde jag inte l\u00e5ta bli att sl\u00e4ppa det jag h\u00f6ll p\u00e5 med och ge mig ut och f\u00e5nga dessa vackra f\u00e4rger. Himlen s\u00e5g alldeles eldig ut och det blir s\u00e5 fina kontraster n\u00e4r tr\u00e4den ser svarta ut. F\u00f6r \u00f6vrigt tycker jag att det k\u00e4nns lite jobbigt att det blir m\u00f6rkt s\u00e5 tidigt p\u00e5 kv\u00e4llen, det \u00e4r s\u00e5 l\u00e4tt att s\u00e4tta sig i soffan och bli kvar d\u00e4r.<\/p>\n","protected":false},"excerpt":{"rendered":"<p>ig\u00e5r kv\u00e4ll n\u00e4r jag stod och skalade potatis s\u00e5g det ut s\u00e5 h\u00e4r utanf\u00f6r f\u00f6nstret och d\u00e5 kunde jag inte l\u00e5ta bli att sl\u00e4ppa det jag h\u00f6ll p\u00e5 med och ge mig ut och f\u00e5nga dessa vackra f\u00e4rger. Himlen s\u00e5g alldeles eldig ut och det blir s\u00e5 fina kontraster n\u00e4r tr\u00e4den ser svarta ut. F\u00f6r&#8230;<\/p>\n","protected":false},"author":1,"featured_media":0,"comment_status":"open","ping_status":"open","sticky":false,"template":"","format":"standard","meta":{"footnotes":""},"categories":[48],"tags":[50,65,66],"_links":{"self":[{"href":"https:\/\/mornestedt.se\/index.php?rest_route=\/wp\/v2\/posts\/515"}],"collection":[{"href":"https:\/\/mornestedt.se\/index.php?rest_route=\/wp\/v2\/posts"}],"about":[{"href":"https:\/\/mornestedt.se\/index.php?rest_route=\/wp\/v2\/types\/post"}],"author":[{"embeddable":true,"href":"https:\/\/mornestedt.se\/index.php?rest_route=\/wp\/v2\/users\/1"}],"replies":[{"embeddable":true,"href":"https:\/\/mornestedt.se\/index.php?rest_route=%2Fwp%2Fv2%2Fcomments&post=515"}],"version-history":[{"count":2,"href":"https:\/\/mornestedt.se\/index.php?rest_route=\/wp\/v2\/posts\/515\/revisions"}],"predecessor-version":[{"id":519,"href":"https:\/\/mornestedt.se\/index.php?rest_route=\/wp\/v2\/posts\/515\/revisions\/519"}],"wp:attachment":[{"href":"https:\/\/mornestedt.se\/index.php?rest_route=%2Fwp%2Fv2%2Fmedia&parent=515"}],"wp:term":[{"taxonomy":"category","embeddable":true,"href":"https:\/\/mornestedt.se\/index.php?rest_route=%2Fwp%2Fv2%2Fcategories&post=515"},{"taxonomy":"post_tag","embeddable":true,"href":"https:\/\/mornestedt.se\/index.php?rest_route=%2Fwp%2Fv2%2Ftags&post=515"}],"curies":[{"name":"wp","href":"https:\/\/api.w.org\/{rel}","templated":true}]}}