{"id":368,"date":"2015-08-26T18:37:26","date_gmt":"2015-08-26T18:37:26","guid":{"rendered":"http:\/\/mornestedt.se\/?p=368"},"modified":"2015-08-26T18:37:26","modified_gmt":"2015-08-26T18:37:26","slug":"fodelsedag","status":"publish","type":"post","link":"https:\/\/mornestedt.se\/?p=368","title":{"rendered":"F\u00f6delsedag"},"content":{"rendered":"<p><a href=\"http:\/\/mornestedt.se\/wp-content\/uploads\/2015\/08\/DSC_0224-copy.jpg\"><img loading=\"lazy\" decoding=\"async\" class=\"alignnone size-medium wp-image-369\" src=\"http:\/\/mornestedt.se\/wp-content\/uploads\/2015\/08\/DSC_0224-copy-199x300.jpg\" alt=\"DSC_0224 copy\" width=\"199\" height=\"300\" srcset=\"https:\/\/mornestedt.se\/wp-content\/uploads\/2015\/08\/DSC_0224-copy-199x300.jpg 199w, https:\/\/mornestedt.se\/wp-content\/uploads\/2015\/08\/DSC_0224-copy-678x1024.jpg 678w, https:\/\/mornestedt.se\/wp-content\/uploads\/2015\/08\/DSC_0224-copy-1x1.jpg 1w\" sizes=\"(max-width: 199px) 100vw, 199px\" \/><\/a>\u00a0<a href=\"http:\/\/mornestedt.se\/wp-content\/uploads\/2015\/08\/DSC_0093.jpg\"><img loading=\"lazy\" decoding=\"async\" class=\"alignnone size-medium wp-image-371\" src=\"http:\/\/mornestedt.se\/wp-content\/uploads\/2015\/08\/DSC_0093-200x300.jpg\" alt=\"DSC_0093\" width=\"200\" height=\"300\" srcset=\"https:\/\/mornestedt.se\/wp-content\/uploads\/2015\/08\/DSC_0093-200x300.jpg 200w, https:\/\/mornestedt.se\/wp-content\/uploads\/2015\/08\/DSC_0093-683x1024.jpg 683w, https:\/\/mornestedt.se\/wp-content\/uploads\/2015\/08\/DSC_0093-1x1.jpg 1w\" sizes=\"(max-width: 200px) 100vw, 200px\" \/><\/a><\/p>\n<p>Idag \u00e4r ingen vanlig dag f\u00f6r det \u00e4r Ebbas f\u00f6delsedag! F\u00f6delsedagen firades med paket och glasst\u00e5rta och mer kalas blir det till helgen. Tjejen har f\u00e5tt pippi p\u00e5 Pippi, s\u00e5 det blev en Pippidocka, lilla Gubben och en kaffeservis med pippi i present. Pippidockan och Lilla Gubben fick f\u00f6lja med upp i s\u00e4ngen och hade hon f\u00e5tt best\u00e4mma hade hon nog fortfarande h\u00e5llit kafferep. Bilderna \u00e4r tagna tidigare i sommar, min plan var att \u00e5tminstone f\u00e5 en bra bild p\u00e5 glasst\u00e5rtan och ett par bilder p\u00e5 f\u00f6delsedagstjejen men icke. Den stackars glasst\u00e5rtan s\u00e5g r\u00e4tt havererad ut n\u00e4r den b\u00f6rjade sm\u00e4lta och lilltjejen var f\u00f6r upptagen f\u00f6r att titta in i kameran.<\/p>\n","protected":false},"excerpt":{"rendered":"<p>\u00a0 Idag \u00e4r ingen vanlig dag f\u00f6r det \u00e4r Ebbas f\u00f6delsedag! F\u00f6delsedagen firades med paket och glasst\u00e5rta och mer kalas blir det till helgen. Tjejen har f\u00e5tt pippi p\u00e5 Pippi, s\u00e5 det blev en Pippidocka, lilla Gubben och en kaffeservis med pippi i present. Pippidockan och Lilla Gubben fick f\u00f6lja med upp i s\u00e4ngen och&#8230;<\/p>\n","protected":false},"author":1,"featured_media":0,"comment_status":"open","ping_status":"open","sticky":false,"template":"","format":"standard","meta":{"footnotes":""},"categories":[6,7],"tags":[38,39,9],"_links":{"self":[{"href":"https:\/\/mornestedt.se\/index.php?rest_route=\/wp\/v2\/posts\/368"}],"collection":[{"href":"https:\/\/mornestedt.se\/index.php?rest_route=\/wp\/v2\/posts"}],"about":[{"href":"https:\/\/mornestedt.se\/index.php?rest_route=\/wp\/v2\/types\/post"}],"author":[{"embeddable":true,"href":"https:\/\/mornestedt.se\/index.php?rest_route=\/wp\/v2\/users\/1"}],"replies":[{"embeddable":true,"href":"https:\/\/mornestedt.se\/index.php?rest_route=%2Fwp%2Fv2%2Fcomments&post=368"}],"version-history":[{"count":2,"href":"https:\/\/mornestedt.se\/index.php?rest_route=\/wp\/v2\/posts\/368\/revisions"}],"predecessor-version":[{"id":373,"href":"https:\/\/mornestedt.se\/index.php?rest_route=\/wp\/v2\/posts\/368\/revisions\/373"}],"wp:attachment":[{"href":"https:\/\/mornestedt.se\/index.php?rest_route=%2Fwp%2Fv2%2Fmedia&parent=368"}],"wp:term":[{"taxonomy":"category","embeddable":true,"href":"https:\/\/mornestedt.se\/index.php?rest_route=%2Fwp%2Fv2%2Fcategories&post=368"},{"taxonomy":"post_tag","embeddable":true,"href":"https:\/\/mornestedt.se\/index.php?rest_route=%2Fwp%2Fv2%2Ftags&post=368"}],"curies":[{"name":"wp","href":"https:\/\/api.w.org\/{rel}","templated":true}]}}