{"id":322,"date":"2015-08-12T19:37:21","date_gmt":"2015-08-12T19:37:21","guid":{"rendered":"http:\/\/mornestedt.se\/?p=322"},"modified":"2015-08-12T19:39:15","modified_gmt":"2015-08-12T19:39:15","slug":"far-och-dotter","status":"publish","type":"post","link":"https:\/\/mornestedt.se\/?p=322","title":{"rendered":"Far och dotter"},"content":{"rendered":"<p><a href=\"http:\/\/mornestedt.se\/wp-content\/uploads\/2015\/08\/DSC_0103.jpg\"><img loading=\"lazy\" decoding=\"async\" class=\"alignnone size-large wp-image-323\" src=\"http:\/\/mornestedt.se\/wp-content\/uploads\/2015\/08\/DSC_0103-683x1024.jpg\" alt=\"DSC_0103\" width=\"654\" height=\"981\" srcset=\"https:\/\/mornestedt.se\/wp-content\/uploads\/2015\/08\/DSC_0103-683x1024.jpg 683w, https:\/\/mornestedt.se\/wp-content\/uploads\/2015\/08\/DSC_0103-200x300.jpg 200w, https:\/\/mornestedt.se\/wp-content\/uploads\/2015\/08\/DSC_0103-1x1.jpg 1w\" sizes=\"(max-width: 654px) 100vw, 654px\" \/><\/a><\/p>\n<p>Mina favoriter, min man och min dotter. Den h\u00e4r bilden \u00e4r tagen en solig v\u00e5rdag i maj utanf\u00f6r v\u00e5rt hus. En bild som g\u00f6r sig bra i svartvit n\u00e4stan b\u00e4ttre \u00e4n i f\u00e4rg.<\/p>\n","protected":false},"excerpt":{"rendered":"<p>Mina favoriter, min man och min dotter. Den h\u00e4r bilden \u00e4r tagen en solig v\u00e5rdag i maj utanf\u00f6r v\u00e5rt hus. En bild som g\u00f6r sig bra i svartvit n\u00e4stan b\u00e4ttre \u00e4n i f\u00e4rg.<\/p>\n","protected":false},"author":1,"featured_media":0,"comment_status":"open","ping_status":"open","sticky":false,"template":"","format":"standard","meta":{"footnotes":""},"categories":[7],"tags":[9],"_links":{"self":[{"href":"https:\/\/mornestedt.se\/index.php?rest_route=\/wp\/v2\/posts\/322"}],"collection":[{"href":"https:\/\/mornestedt.se\/index.php?rest_route=\/wp\/v2\/posts"}],"about":[{"href":"https:\/\/mornestedt.se\/index.php?rest_route=\/wp\/v2\/types\/post"}],"author":[{"embeddable":true,"href":"https:\/\/mornestedt.se\/index.php?rest_route=\/wp\/v2\/users\/1"}],"replies":[{"embeddable":true,"href":"https:\/\/mornestedt.se\/index.php?rest_route=%2Fwp%2Fv2%2Fcomments&post=322"}],"version-history":[{"count":7,"href":"https:\/\/mornestedt.se\/index.php?rest_route=\/wp\/v2\/posts\/322\/revisions"}],"predecessor-version":[{"id":330,"href":"https:\/\/mornestedt.se\/index.php?rest_route=\/wp\/v2\/posts\/322\/revisions\/330"}],"wp:attachment":[{"href":"https:\/\/mornestedt.se\/index.php?rest_route=%2Fwp%2Fv2%2Fmedia&parent=322"}],"wp:term":[{"taxonomy":"category","embeddable":true,"href":"https:\/\/mornestedt.se\/index.php?rest_route=%2Fwp%2Fv2%2Fcategories&post=322"},{"taxonomy":"post_tag","embeddable":true,"href":"https:\/\/mornestedt.se\/index.php?rest_route=%2Fwp%2Fv2%2Ftags&post=322"}],"curies":[{"name":"wp","href":"https:\/\/api.w.org\/{rel}","templated":true}]}}