{"id":249,"date":"2015-07-28T21:04:30","date_gmt":"2015-07-28T21:04:30","guid":{"rendered":"http:\/\/mornestedt.se\/?p=249"},"modified":"2015-07-28T21:04:30","modified_gmt":"2015-07-28T21:04:30","slug":"liten-sot-tjej-pa-besok","status":"publish","type":"post","link":"https:\/\/mornestedt.se\/?p=249","title":{"rendered":"Liten s\u00f6t tjej p\u00e5 bes\u00f6k"},"content":{"rendered":"<p><a href=\"http:\/\/mornestedt.se\/wp-content\/uploads\/2015\/07\/DSC_0407-copy.jpg\"><img loading=\"lazy\" decoding=\"async\" class=\"alignnone size-large wp-image-251\" src=\"http:\/\/mornestedt.se\/wp-content\/uploads\/2015\/07\/DSC_0407-copy-1024x683.jpg\" alt=\"DSC_0407 copy\" width=\"654\" height=\"436\" srcset=\"https:\/\/mornestedt.se\/wp-content\/uploads\/2015\/07\/DSC_0407-copy-1024x683.jpg 1024w, https:\/\/mornestedt.se\/wp-content\/uploads\/2015\/07\/DSC_0407-copy-300x200.jpg 300w, https:\/\/mornestedt.se\/wp-content\/uploads\/2015\/07\/DSC_0407-copy-2x1.jpg 2w\" sizes=\"(max-width: 654px) 100vw, 654px\" \/><\/a><\/p>\n<p><a href=\"http:\/\/mornestedt.se\/wp-content\/uploads\/2015\/07\/DSC_0386-copy.jpg\"><img loading=\"lazy\" decoding=\"async\" class=\"alignnone size-large wp-image-250\" src=\"http:\/\/mornestedt.se\/wp-content\/uploads\/2015\/07\/DSC_0386-copy-1024x683.jpg\" alt=\"DSC_0386 copy\" width=\"654\" height=\"436\" srcset=\"https:\/\/mornestedt.se\/wp-content\/uploads\/2015\/07\/DSC_0386-copy-1024x683.jpg 1024w, https:\/\/mornestedt.se\/wp-content\/uploads\/2015\/07\/DSC_0386-copy-300x200.jpg 300w, https:\/\/mornestedt.se\/wp-content\/uploads\/2015\/07\/DSC_0386-copy-2x1.jpg 2w\" sizes=\"(max-width: 654px) 100vw, 654px\" \/><\/a><\/p>\n<p>I m\u00e5ndags hade jag min kompis och hennes lilla dotter som snart \u00e4r tv\u00e5 veckor p\u00e5 bes\u00f6k. Vilken liten goding! Och s\u00e5 roligt att fota tillsammans med n\u00e5gon som delar mitt intresse man l\u00e4r sig v\u00e4ldigt mycket p\u00e5 att bolla id\u00e9er och inst\u00e4llningar p\u00e5 kameran. N\u00e5gra vakna bilder blev det till att b\u00f6rja med sedan sov hon gott medan vi fotade.<\/p>\n","protected":false},"excerpt":{"rendered":"<p>I m\u00e5ndags hade jag min kompis och hennes lilla dotter som snart \u00e4r tv\u00e5 veckor p\u00e5 bes\u00f6k. Vilken liten goding! Och s\u00e5 roligt att fota tillsammans med n\u00e5gon som delar mitt intresse man l\u00e4r sig v\u00e4ldigt mycket p\u00e5 att bolla id\u00e9er och inst\u00e4llningar p\u00e5 kameran. N\u00e5gra vakna bilder blev det till att b\u00f6rja med sedan&#8230;<\/p>\n","protected":false},"author":1,"featured_media":0,"comment_status":"open","ping_status":"open","sticky":false,"template":"","format":"standard","meta":{"footnotes":""},"categories":[15],"tags":[16],"_links":{"self":[{"href":"https:\/\/mornestedt.se\/index.php?rest_route=\/wp\/v2\/posts\/249"}],"collection":[{"href":"https:\/\/mornestedt.se\/index.php?rest_route=\/wp\/v2\/posts"}],"about":[{"href":"https:\/\/mornestedt.se\/index.php?rest_route=\/wp\/v2\/types\/post"}],"author":[{"embeddable":true,"href":"https:\/\/mornestedt.se\/index.php?rest_route=\/wp\/v2\/users\/1"}],"replies":[{"embeddable":true,"href":"https:\/\/mornestedt.se\/index.php?rest_route=%2Fwp%2Fv2%2Fcomments&post=249"}],"version-history":[{"count":2,"href":"https:\/\/mornestedt.se\/index.php?rest_route=\/wp\/v2\/posts\/249\/revisions"}],"predecessor-version":[{"id":253,"href":"https:\/\/mornestedt.se\/index.php?rest_route=\/wp\/v2\/posts\/249\/revisions\/253"}],"wp:attachment":[{"href":"https:\/\/mornestedt.se\/index.php?rest_route=%2Fwp%2Fv2%2Fmedia&parent=249"}],"wp:term":[{"taxonomy":"category","embeddable":true,"href":"https:\/\/mornestedt.se\/index.php?rest_route=%2Fwp%2Fv2%2Fcategories&post=249"},{"taxonomy":"post_tag","embeddable":true,"href":"https:\/\/mornestedt.se\/index.php?rest_route=%2Fwp%2Fv2%2Ftags&post=249"}],"curies":[{"name":"wp","href":"https:\/\/api.w.org\/{rel}","templated":true}]}}