{"id":173,"date":"2015-07-21T10:13:22","date_gmt":"2015-07-21T10:13:22","guid":{"rendered":"http:\/\/mornestedt.se\/?p=173"},"modified":"2015-07-21T10:13:22","modified_gmt":"2015-07-21T10:13:22","slug":"lilla-maja","status":"publish","type":"post","link":"https:\/\/mornestedt.se\/?p=173","title":{"rendered":"Lilla Maja"},"content":{"rendered":"<p><a href=\"http:\/\/mornestedt.se\/wp-content\/uploads\/2015\/07\/DSC_0321.jpg\"><img loading=\"lazy\" decoding=\"async\" class=\"alignnone size-large wp-image-174\" src=\"http:\/\/mornestedt.se\/wp-content\/uploads\/2015\/07\/DSC_0321-683x1024.jpg\" alt=\"DSC_0321\" width=\"654\" height=\"981\" srcset=\"https:\/\/mornestedt.se\/wp-content\/uploads\/2015\/07\/DSC_0321-683x1024.jpg 683w, https:\/\/mornestedt.se\/wp-content\/uploads\/2015\/07\/DSC_0321-200x300.jpg 200w, https:\/\/mornestedt.se\/wp-content\/uploads\/2015\/07\/DSC_0321-1x1.jpg 1w\" sizes=\"(max-width: 654px) 100vw, 654px\" \/><\/a><\/p>\n<p>Den h\u00e4r s\u00f6ta lilla tjejen hade jag p\u00e5 bes\u00f6k f\u00f6r ungef\u00e4r en m\u00e5nad sedan. En m\u00e5nad var Maja n\u00e4r bilden togs och det blev en bra blandning av bilder b\u00e5de p\u00e5 n\u00e4r hon sov och var vaken och ett par n\u00e4rbilder p\u00e5 hennes sm\u00e5 f\u00f6tter.<\/p>\n<p><a href=\"http:\/\/mornestedt.se\/wp-content\/uploads\/2015\/07\/DSC_0283.jpg\"><img loading=\"lazy\" decoding=\"async\" class=\"alignnone size-large wp-image-175\" src=\"http:\/\/mornestedt.se\/wp-content\/uploads\/2015\/07\/DSC_0283-1024x683.jpg\" alt=\"DSC_0283\" width=\"654\" height=\"436\" srcset=\"https:\/\/mornestedt.se\/wp-content\/uploads\/2015\/07\/DSC_0283-1024x683.jpg 1024w, https:\/\/mornestedt.se\/wp-content\/uploads\/2015\/07\/DSC_0283-300x200.jpg 300w, https:\/\/mornestedt.se\/wp-content\/uploads\/2015\/07\/DSC_0283-2x1.jpg 2w\" sizes=\"(max-width: 654px) 100vw, 654px\" \/><\/a><\/p>\n<p><a href=\"http:\/\/mornestedt.se\/wp-content\/uploads\/2015\/07\/DSC_03251.jpg\"><img loading=\"lazy\" decoding=\"async\" class=\"alignnone size-large wp-image-176\" src=\"http:\/\/mornestedt.se\/wp-content\/uploads\/2015\/07\/DSC_03251-683x1024.jpg\" alt=\"DSC_0325\" width=\"654\" height=\"981\" srcset=\"https:\/\/mornestedt.se\/wp-content\/uploads\/2015\/07\/DSC_03251-683x1024.jpg 683w, https:\/\/mornestedt.se\/wp-content\/uploads\/2015\/07\/DSC_03251-200x300.jpg 200w, https:\/\/mornestedt.se\/wp-content\/uploads\/2015\/07\/DSC_03251-1x1.jpg 1w\" sizes=\"(max-width: 654px) 100vw, 654px\" \/><\/a><\/p>\n","protected":false},"excerpt":{"rendered":"<p>Den h\u00e4r s\u00f6ta lilla tjejen hade jag p\u00e5 bes\u00f6k f\u00f6r ungef\u00e4r en m\u00e5nad sedan. En m\u00e5nad var Maja n\u00e4r bilden togs och det blev en bra blandning av bilder b\u00e5de p\u00e5 n\u00e4r hon sov och var vaken och ett par n\u00e4rbilder p\u00e5 hennes sm\u00e5 f\u00f6tter.<\/p>\n","protected":false},"author":1,"featured_media":0,"comment_status":"open","ping_status":"open","sticky":false,"template":"","format":"standard","meta":{"footnotes":""},"categories":[15,7,1],"tags":[16,9],"_links":{"self":[{"href":"https:\/\/mornestedt.se\/index.php?rest_route=\/wp\/v2\/posts\/173"}],"collection":[{"href":"https:\/\/mornestedt.se\/index.php?rest_route=\/wp\/v2\/posts"}],"about":[{"href":"https:\/\/mornestedt.se\/index.php?rest_route=\/wp\/v2\/types\/post"}],"author":[{"embeddable":true,"href":"https:\/\/mornestedt.se\/index.php?rest_route=\/wp\/v2\/users\/1"}],"replies":[{"embeddable":true,"href":"https:\/\/mornestedt.se\/index.php?rest_route=%2Fwp%2Fv2%2Fcomments&post=173"}],"version-history":[{"count":5,"href":"https:\/\/mornestedt.se\/index.php?rest_route=\/wp\/v2\/posts\/173\/revisions"}],"predecessor-version":[{"id":182,"href":"https:\/\/mornestedt.se\/index.php?rest_route=\/wp\/v2\/posts\/173\/revisions\/182"}],"wp:attachment":[{"href":"https:\/\/mornestedt.se\/index.php?rest_route=%2Fwp%2Fv2%2Fmedia&parent=173"}],"wp:term":[{"taxonomy":"category","embeddable":true,"href":"https:\/\/mornestedt.se\/index.php?rest_route=%2Fwp%2Fv2%2Fcategories&post=173"},{"taxonomy":"post_tag","embeddable":true,"href":"https:\/\/mornestedt.se\/index.php?rest_route=%2Fwp%2Fv2%2Ftags&post=173"}],"curies":[{"name":"wp","href":"https:\/\/api.w.org\/{rel}","templated":true}]}}